{"id":985,"date":"2018-04-07T16:11:51","date_gmt":"2018-04-07T15:11:51","guid":{"rendered":"\/2018\/04\/07\/echange-nouvelles-formes-de-travail-nouveaux-espaces-de-travail\/"},"modified":"2024-09-12T13:26:51","modified_gmt":"2024-09-12T12:26:51","slug":"echange-nouvelles-formes-de-travail-nouveaux-espaces-de-travail","status":"publish","type":"post","link":"https:\/\/parisx.me\/fr\/echange-nouvelles-formes-de-travail-nouveaux-espaces-de-travail\/","title":{"rendered":"\u00c9change : Nouvelles formes de travail ? Nouveaux espaces de travail ?"},"content":{"rendered":"<p>C&rsquo;est vrai que la th\u00e9matique du travail est beaucoup discut\u00e9e ce dernier temps en France. Bien que le travail n&rsquo;est pas tout-\u00e0-fait mon sujet pr\u00e9fer\u00e9, je participerai mardi prochain dans un \u00e9change qui s&rsquo;annonce tr\u00e8s int\u00e9ressant. Il s&rsquo;agit d&rsquo;un \u00ab\u00a0petit d\u00e9jeuner\u00a0\u00bb sur les \u00e9volutions contemporaines du travail. <a href=\"http:\/\/ifris.org\/membre\/flichy-patrice\/\" target=\"_blank\" rel=\"noopener\">Patrice Flichy<\/a> y pr\u00e9sentera ses travaux sur le travail \u00e0 l&rsquo;\u00e8re num\u00e9rique, et je pr\u00e9senterai mon livre sur les <a href=\"\/2-2\/\">d\u00e9veloppeurs<\/a>. Je l&rsquo;ai bien confirm\u00e9, il y aura du caf\u00e9 et des croissants.<\/p>\n<p>Le d\u00e9bat a lieu au Ma\u00eff Social Club, 37 Rue de Turenne, 75004 Paris et on commence \u00e0 8h30 le matin (sic). Vous pouvez vous inscrire au s\u00e9minaire <a href=\"https:\/\/www.eventbrite.fr\/e\/billets-o-boulot-nouvelles-formes-de-travail-nouveaux-espaces-de-travail-44136254726\" target=\"_blank\" rel=\"noopener\">ici<\/a>.<\/p>\n<p>Apr\u00e8s la discussion, les organisateurs nous invitent \u00e0 visiter l&rsquo;exposition <a href=\"https:\/\/lieu.maifsocialclub.fr\/programmation\/bossez\/o-boulot\" target=\"_blank\" rel=\"noopener\">\u00d4 boulot<\/a>, o\u00f9 des artistes pr\u00e9sentent leurs propres regards au travail (ci-dessous, une photo par <a href=\"http:\/\/www.gilbert-garcin.com\/\">Gilbert Garcin<\/a> qui y participe).<\/p>\n","protected":false},"excerpt":{"rendered":"<p>C&rsquo;est vrai que la th\u00e9matique du travail est beaucoup discut\u00e9e ce dernier temps en France. Bien que le travail n&rsquo;est pas tout-\u00e0-fait mon sujet pr\u00e9fer\u00e9,&#8230;<\/p>\n","protected":false},"author":2,"featured_media":7716,"comment_status":"closed","ping_status":"closed","sticky":false,"template":"","format":"standard","meta":{"footnotes":""},"categories":[100],"tags":[],"class_list":{"0":"post-985","1":"post","2":"type-post","3":"status-publish","4":"format-standard","5":"has-post-thumbnail","7":"category-blog-fr"},"yoast_head":"<!-- This site is optimized with the Yoast SEO plugin v27.4 - https:\/\/yoast.com\/product\/yoast-seo-wordpress\/ -->\n<title>\u00c9change : Nouvelles formes de travail ? Nouveaux espaces de travail ? - Paris Chrysos<\/title>\n<meta name=\"robots\" content=\"index, follow, max-snippet:-1, max-image-preview:large, max-video-preview:-1\" \/>\n<link rel=\"canonical\" href=\"https:\/\/parisx.me\/fr\/echange-nouvelles-formes-de-travail-nouveaux-espaces-de-travail\/\" \/>\n<meta property=\"og:locale\" content=\"fr_FR\" \/>\n<meta property=\"og:type\" content=\"article\" \/>\n<meta property=\"og:title\" content=\"\u00c9change : Nouvelles formes de travail ? Nouveaux espaces de travail ? - Paris Chrysos\" \/>\n<meta property=\"og:description\" content=\"C&rsquo;est vrai que la th\u00e9matique du travail est beaucoup discut\u00e9e ce dernier temps en France. Bien que le travail n&rsquo;est pas tout-\u00e0-fait mon sujet pr\u00e9fer\u00e9,...\" \/>\n<meta property=\"og:url\" content=\"https:\/\/parisx.me\/fr\/echange-nouvelles-formes-de-travail-nouveaux-espaces-de-travail\/\" \/>\n<meta property=\"og:site_name\" content=\"Paris Chrysos\" \/>\n<meta property=\"article:published_time\" content=\"2018-04-07T15:11:51+00:00\" \/>\n<meta property=\"article:modified_time\" content=\"2024-09-12T12:26:51+00:00\" \/>\n<meta property=\"og:image\" content=\"https:\/\/parisx.me\/wp-content\/uploads\/2018\/04\/forms.jpg\" \/>\n\t<meta property=\"og:image:width\" content=\"2048\" \/>\n\t<meta property=\"og:image:height\" content=\"1536\" \/>\n\t<meta property=\"og:image:type\" content=\"image\/jpeg\" \/>\n<meta name=\"author\" content=\"paris\" \/>\n<meta name=\"twitter:card\" content=\"summary_large_image\" \/>\n<meta name=\"twitter:label1\" content=\"\u00c9crit par\" \/>\n\t<meta name=\"twitter:data1\" content=\"paris\" \/>\n\t<meta name=\"twitter:label2\" content=\"Dur\u00e9e de lecture estim\u00e9e\" \/>\n\t<meta name=\"twitter:data2\" content=\"1 minute\" \/>\n<script type=\"application\/ld+json\" class=\"yoast-schema-graph\">{\"@context\":\"https:\\\/\\\/schema.org\",\"@graph\":[{\"@type\":\"Article\",\"@id\":\"https:\\\/\\\/parisx.me\\\/fr\\\/echange-nouvelles-formes-de-travail-nouveaux-espaces-de-travail\\\/#article\",\"isPartOf\":{\"@id\":\"https:\\\/\\\/parisx.me\\\/fr\\\/echange-nouvelles-formes-de-travail-nouveaux-espaces-de-travail\\\/\"},\"author\":{\"name\":\"paris\",\"@id\":\"https:\\\/\\\/parisx.me\\\/en\\\/#\\\/schema\\\/person\\\/93f72f21106f7343b516c6fb6e64ce0b\"},\"headline\":\"\u00c9change : Nouvelles formes de travail ? Nouveaux espaces de travail ?\",\"datePublished\":\"2018-04-07T15:11:51+00:00\",\"dateModified\":\"2024-09-12T12:26:51+00:00\",\"mainEntityOfPage\":{\"@id\":\"https:\\\/\\\/parisx.me\\\/fr\\\/echange-nouvelles-formes-de-travail-nouveaux-espaces-de-travail\\\/\"},\"wordCount\":165,\"image\":{\"@id\":\"https:\\\/\\\/parisx.me\\\/fr\\\/echange-nouvelles-formes-de-travail-nouveaux-espaces-de-travail\\\/#primaryimage\"},\"thumbnailUrl\":\"https:\\\/\\\/parisx.me\\\/wp-content\\\/uploads\\\/2018\\\/04\\\/forms.jpg\",\"articleSection\":[\"Blog\"],\"inLanguage\":\"fr-FR\"},{\"@type\":\"WebPage\",\"@id\":\"https:\\\/\\\/parisx.me\\\/fr\\\/echange-nouvelles-formes-de-travail-nouveaux-espaces-de-travail\\\/\",\"url\":\"https:\\\/\\\/parisx.me\\\/fr\\\/echange-nouvelles-formes-de-travail-nouveaux-espaces-de-travail\\\/\",\"name\":\"\u00c9change : Nouvelles formes de travail ? Nouveaux espaces de travail ? - Paris Chrysos\",\"isPartOf\":{\"@id\":\"https:\\\/\\\/parisx.me\\\/en\\\/#website\"},\"primaryImageOfPage\":{\"@id\":\"https:\\\/\\\/parisx.me\\\/fr\\\/echange-nouvelles-formes-de-travail-nouveaux-espaces-de-travail\\\/#primaryimage\"},\"image\":{\"@id\":\"https:\\\/\\\/parisx.me\\\/fr\\\/echange-nouvelles-formes-de-travail-nouveaux-espaces-de-travail\\\/#primaryimage\"},\"thumbnailUrl\":\"https:\\\/\\\/parisx.me\\\/wp-content\\\/uploads\\\/2018\\\/04\\\/forms.jpg\",\"datePublished\":\"2018-04-07T15:11:51+00:00\",\"dateModified\":\"2024-09-12T12:26:51+00:00\",\"author\":{\"@id\":\"https:\\\/\\\/parisx.me\\\/en\\\/#\\\/schema\\\/person\\\/93f72f21106f7343b516c6fb6e64ce0b\"},\"breadcrumb\":{\"@id\":\"https:\\\/\\\/parisx.me\\\/fr\\\/echange-nouvelles-formes-de-travail-nouveaux-espaces-de-travail\\\/#breadcrumb\"},\"inLanguage\":\"fr-FR\",\"potentialAction\":[{\"@type\":\"ReadAction\",\"target\":[\"https:\\\/\\\/parisx.me\\\/fr\\\/echange-nouvelles-formes-de-travail-nouveaux-espaces-de-travail\\\/\"]}]},{\"@type\":\"ImageObject\",\"inLanguage\":\"fr-FR\",\"@id\":\"https:\\\/\\\/parisx.me\\\/fr\\\/echange-nouvelles-formes-de-travail-nouveaux-espaces-de-travail\\\/#primaryimage\",\"url\":\"https:\\\/\\\/parisx.me\\\/wp-content\\\/uploads\\\/2018\\\/04\\\/forms.jpg\",\"contentUrl\":\"https:\\\/\\\/parisx.me\\\/wp-content\\\/uploads\\\/2018\\\/04\\\/forms.jpg\",\"width\":2048,\"height\":1536},{\"@type\":\"BreadcrumbList\",\"@id\":\"https:\\\/\\\/parisx.me\\\/fr\\\/echange-nouvelles-formes-de-travail-nouveaux-espaces-de-travail\\\/#breadcrumb\",\"itemListElement\":[{\"@type\":\"ListItem\",\"position\":1,\"name\":\"Home\",\"item\":\"https:\\\/\\\/parisx.me\\\/fr\\\/\"},{\"@type\":\"ListItem\",\"position\":2,\"name\":\"\u00c9change : Nouvelles formes de travail ? Nouveaux espaces de travail ?\"}]},{\"@type\":\"WebSite\",\"@id\":\"https:\\\/\\\/parisx.me\\\/en\\\/#website\",\"url\":\"https:\\\/\\\/parisx.me\\\/en\\\/\",\"name\":\"Paris Chrysos\",\"description\":\"Personal Website\",\"potentialAction\":[{\"@type\":\"SearchAction\",\"target\":{\"@type\":\"EntryPoint\",\"urlTemplate\":\"https:\\\/\\\/parisx.me\\\/en\\\/?s={search_term_string}\"},\"query-input\":{\"@type\":\"PropertyValueSpecification\",\"valueRequired\":true,\"valueName\":\"search_term_string\"}}],\"inLanguage\":\"fr-FR\"},{\"@type\":\"Person\",\"@id\":\"https:\\\/\\\/parisx.me\\\/en\\\/#\\\/schema\\\/person\\\/93f72f21106f7343b516c6fb6e64ce0b\",\"name\":\"paris\",\"image\":{\"@type\":\"ImageObject\",\"inLanguage\":\"fr-FR\",\"@id\":\"https:\\\/\\\/secure.gravatar.com\\\/avatar\\\/bf7afc4b30726b5a31c6cca4e5ad50bdbca36944d6739c042e385eeb0345b374?s=96&d=retro&r=g\",\"url\":\"https:\\\/\\\/secure.gravatar.com\\\/avatar\\\/bf7afc4b30726b5a31c6cca4e5ad50bdbca36944d6739c042e385eeb0345b374?s=96&d=retro&r=g\",\"contentUrl\":\"https:\\\/\\\/secure.gravatar.com\\\/avatar\\\/bf7afc4b30726b5a31c6cca4e5ad50bdbca36944d6739c042e385eeb0345b374?s=96&d=retro&r=g\",\"caption\":\"paris\"},\"url\":\"https:\\\/\\\/parisx.me\\\/fr\\\/author\\\/paris\\\/\"}]}<\/script>\n<!-- \/ Yoast SEO plugin. -->","yoast_head_json":{"title":"\u00c9change : Nouvelles formes de travail ? Nouveaux espaces de travail ? - Paris Chrysos","robots":{"index":"index","follow":"follow","max-snippet":"max-snippet:-1","max-image-preview":"max-image-preview:large","max-video-preview":"max-video-preview:-1"},"canonical":"https:\/\/parisx.me\/fr\/echange-nouvelles-formes-de-travail-nouveaux-espaces-de-travail\/","og_locale":"fr_FR","og_type":"article","og_title":"\u00c9change : Nouvelles formes de travail ? Nouveaux espaces de travail ? - Paris Chrysos","og_description":"C&rsquo;est vrai que la th\u00e9matique du travail est beaucoup discut\u00e9e ce dernier temps en France. Bien que le travail n&rsquo;est pas tout-\u00e0-fait mon sujet pr\u00e9fer\u00e9,...","og_url":"https:\/\/parisx.me\/fr\/echange-nouvelles-formes-de-travail-nouveaux-espaces-de-travail\/","og_site_name":"Paris Chrysos","article_published_time":"2018-04-07T15:11:51+00:00","article_modified_time":"2024-09-12T12:26:51+00:00","og_image":[{"width":2048,"height":1536,"url":"https:\/\/parisx.me\/wp-content\/uploads\/2018\/04\/forms.jpg","type":"image\/jpeg"}],"author":"paris","twitter_card":"summary_large_image","twitter_misc":{"\u00c9crit par":"paris","Dur\u00e9e de lecture estim\u00e9e":"1 minute"},"schema":{"@context":"https:\/\/schema.org","@graph":[{"@type":"Article","@id":"https:\/\/parisx.me\/fr\/echange-nouvelles-formes-de-travail-nouveaux-espaces-de-travail\/#article","isPartOf":{"@id":"https:\/\/parisx.me\/fr\/echange-nouvelles-formes-de-travail-nouveaux-espaces-de-travail\/"},"author":{"name":"paris","@id":"https:\/\/parisx.me\/en\/#\/schema\/person\/93f72f21106f7343b516c6fb6e64ce0b"},"headline":"\u00c9change : Nouvelles formes de travail ? Nouveaux espaces de travail ?","datePublished":"2018-04-07T15:11:51+00:00","dateModified":"2024-09-12T12:26:51+00:00","mainEntityOfPage":{"@id":"https:\/\/parisx.me\/fr\/echange-nouvelles-formes-de-travail-nouveaux-espaces-de-travail\/"},"wordCount":165,"image":{"@id":"https:\/\/parisx.me\/fr\/echange-nouvelles-formes-de-travail-nouveaux-espaces-de-travail\/#primaryimage"},"thumbnailUrl":"https:\/\/parisx.me\/wp-content\/uploads\/2018\/04\/forms.jpg","articleSection":["Blog"],"inLanguage":"fr-FR"},{"@type":"WebPage","@id":"https:\/\/parisx.me\/fr\/echange-nouvelles-formes-de-travail-nouveaux-espaces-de-travail\/","url":"https:\/\/parisx.me\/fr\/echange-nouvelles-formes-de-travail-nouveaux-espaces-de-travail\/","name":"\u00c9change : Nouvelles formes de travail ? Nouveaux espaces de travail ? - Paris Chrysos","isPartOf":{"@id":"https:\/\/parisx.me\/en\/#website"},"primaryImageOfPage":{"@id":"https:\/\/parisx.me\/fr\/echange-nouvelles-formes-de-travail-nouveaux-espaces-de-travail\/#primaryimage"},"image":{"@id":"https:\/\/parisx.me\/fr\/echange-nouvelles-formes-de-travail-nouveaux-espaces-de-travail\/#primaryimage"},"thumbnailUrl":"https:\/\/parisx.me\/wp-content\/uploads\/2018\/04\/forms.jpg","datePublished":"2018-04-07T15:11:51+00:00","dateModified":"2024-09-12T12:26:51+00:00","author":{"@id":"https:\/\/parisx.me\/en\/#\/schema\/person\/93f72f21106f7343b516c6fb6e64ce0b"},"breadcrumb":{"@id":"https:\/\/parisx.me\/fr\/echange-nouvelles-formes-de-travail-nouveaux-espaces-de-travail\/#breadcrumb"},"inLanguage":"fr-FR","potentialAction":[{"@type":"ReadAction","target":["https:\/\/parisx.me\/fr\/echange-nouvelles-formes-de-travail-nouveaux-espaces-de-travail\/"]}]},{"@type":"ImageObject","inLanguage":"fr-FR","@id":"https:\/\/parisx.me\/fr\/echange-nouvelles-formes-de-travail-nouveaux-espaces-de-travail\/#primaryimage","url":"https:\/\/parisx.me\/wp-content\/uploads\/2018\/04\/forms.jpg","contentUrl":"https:\/\/parisx.me\/wp-content\/uploads\/2018\/04\/forms.jpg","width":2048,"height":1536},{"@type":"BreadcrumbList","@id":"https:\/\/parisx.me\/fr\/echange-nouvelles-formes-de-travail-nouveaux-espaces-de-travail\/#breadcrumb","itemListElement":[{"@type":"ListItem","position":1,"name":"Home","item":"https:\/\/parisx.me\/fr\/"},{"@type":"ListItem","position":2,"name":"\u00c9change : Nouvelles formes de travail ? Nouveaux espaces de travail ?"}]},{"@type":"WebSite","@id":"https:\/\/parisx.me\/en\/#website","url":"https:\/\/parisx.me\/en\/","name":"Paris Chrysos","description":"Personal Website","potentialAction":[{"@type":"SearchAction","target":{"@type":"EntryPoint","urlTemplate":"https:\/\/parisx.me\/en\/?s={search_term_string}"},"query-input":{"@type":"PropertyValueSpecification","valueRequired":true,"valueName":"search_term_string"}}],"inLanguage":"fr-FR"},{"@type":"Person","@id":"https:\/\/parisx.me\/en\/#\/schema\/person\/93f72f21106f7343b516c6fb6e64ce0b","name":"paris","image":{"@type":"ImageObject","inLanguage":"fr-FR","@id":"https:\/\/secure.gravatar.com\/avatar\/bf7afc4b30726b5a31c6cca4e5ad50bdbca36944d6739c042e385eeb0345b374?s=96&d=retro&r=g","url":"https:\/\/secure.gravatar.com\/avatar\/bf7afc4b30726b5a31c6cca4e5ad50bdbca36944d6739c042e385eeb0345b374?s=96&d=retro&r=g","contentUrl":"https:\/\/secure.gravatar.com\/avatar\/bf7afc4b30726b5a31c6cca4e5ad50bdbca36944d6739c042e385eeb0345b374?s=96&d=retro&r=g","caption":"paris"},"url":"https:\/\/parisx.me\/fr\/author\/paris\/"}]}},"_links":{"self":[{"href":"https:\/\/parisx.me\/fr\/wp-json\/wp\/v2\/posts\/985","targetHints":{"allow":["GET"]}}],"collection":[{"href":"https:\/\/parisx.me\/fr\/wp-json\/wp\/v2\/posts"}],"about":[{"href":"https:\/\/parisx.me\/fr\/wp-json\/wp\/v2\/types\/post"}],"author":[{"embeddable":true,"href":"https:\/\/parisx.me\/fr\/wp-json\/wp\/v2\/users\/2"}],"replies":[{"embeddable":true,"href":"https:\/\/parisx.me\/fr\/wp-json\/wp\/v2\/comments?post=985"}],"version-history":[{"count":1,"href":"https:\/\/parisx.me\/fr\/wp-json\/wp\/v2\/posts\/985\/revisions"}],"predecessor-version":[{"id":7719,"href":"https:\/\/parisx.me\/fr\/wp-json\/wp\/v2\/posts\/985\/revisions\/7719"}],"wp:featuredmedia":[{"embeddable":true,"href":"https:\/\/parisx.me\/fr\/wp-json\/wp\/v2\/media\/7716"}],"wp:attachment":[{"href":"https:\/\/parisx.me\/fr\/wp-json\/wp\/v2\/media?parent=985"}],"wp:term":[{"taxonomy":"category","embeddable":true,"href":"https:\/\/parisx.me\/fr\/wp-json\/wp\/v2\/categories?post=985"},{"taxonomy":"post_tag","embeddable":true,"href":"https:\/\/parisx.me\/fr\/wp-json\/wp\/v2\/tags?post=985"}],"curies":[{"name":"wp","href":"https:\/\/api.w.org\/{rel}","templated":true}]}}