{"id":1003,"date":"2018-11-12T21:37:47","date_gmt":"2018-11-12T20:37:47","guid":{"rendered":"\/2018\/11\/12\/save-the-date-le-12-mars-a-lehess\/"},"modified":"2019-03-04T16:51:04","modified_gmt":"2019-03-04T15:51:04","slug":"save-the-date-le-12-mars-a-lehess","status":"publish","type":"post","link":"https:\/\/parisx.me\/fr\/save-the-date-le-12-mars-a-lehess\/","title":{"rendered":"Save the date : le 12 mars \u00e0 l&rsquo;EHESS"},"content":{"rendered":"<p>Le mois de mars je pr\u00e9senterai mes travaux \u00e0 l&rsquo;EHESS, au s\u00e9minaire \u00ab\u00a0Le Mod\u00e8le Californien\u00a0\u00bb organis\u00e9 par Monique Dagnaud et Olivier Alexandre.<\/p>\n<p>C&rsquo;est la troisi\u00e8me ann\u00e9e o\u00f9 je pr\u00e9sente mes travaux dans ce s\u00e9minaire, caract\u00e9ris\u00e9 d&rsquo;une ambiance amicale et studieuse, ainsi que des \u00e9changes vivants.<\/p>\n<p>Cette ann\u00e9e, ma pr\u00e9sentation sera sur le sujet suivant : <em>\u00ab\u00a0Empathie cognitive et relationnelle: processus pour la gestion de l&rsquo;innovation. Les cas des forums Google Maps et Facebook.\u00a0\u00bb<\/em><\/p>\n<p>Il s&rsquo;agit notamment du travail publi\u00e9 dans le papier <a href=\"https:\/\/halshs.archives-ouvertes.fr\/halshs-01897205v1\" target=\"_blank\" rel=\"noopener noreferrer\">Empathy in the business model: how Facebook and Google Maps manage external problem-solving processes<\/a>, une \u00e9laboration avanc\u00e9e du 17\u00e8me chapitre de <a href=\"\/2014\/01\/22\/when-users-create-industries-the-case-of-web-based-applications\/\" target=\"_blank\" rel=\"noopener noreferrer\">ma th\u00e8se<\/a>.<\/p>\n<p>Alors, si le mois de mars vous trouve \u00e0 Paris, notez la date dans vos agendas:<\/p>\n<blockquote><p>mardi, le 12 mars, de 11h \u00e0 13h<\/p>\n<p>EHESS, salle A06_51,<\/p>\n<p><a href=\"https:\/\/goo.gl\/maps\/3WYzNVg9oEA2\">54 bd Raspail 75006 Paris<\/a><\/p><\/blockquote>\n<p>&nbsp;<\/p>\n","protected":false},"excerpt":{"rendered":"<p>Le mois de mars je pr\u00e9senterai mes travaux \u00e0 l&rsquo;EHESS, au s\u00e9minaire \u00ab\u00a0Le Mod\u00e8le Californien\u00a0\u00bb organis\u00e9 par Monique Dagnaud et Olivier Alexandre. C&rsquo;est la troisi\u00e8me&#8230;<\/p>\n","protected":false},"author":2,"featured_media":805,"comment_status":"open","ping_status":"open","sticky":false,"template":"","format":"standard","meta":{"footnotes":""},"categories":[100],"tags":[],"class_list":{"0":"post-1003","1":"post","2":"type-post","3":"status-publish","4":"format-standard","5":"has-post-thumbnail","7":"category-blog-fr"},"yoast_head":"<!-- This site is optimized with the Yoast SEO plugin v27.4 - https:\/\/yoast.com\/product\/yoast-seo-wordpress\/ -->\n<title>Save the date : le 12 mars \u00e0 l&#039;EHESS - Paris Chrysos<\/title>\n<meta name=\"robots\" content=\"index, follow, max-snippet:-1, max-image-preview:large, max-video-preview:-1\" \/>\n<link rel=\"canonical\" href=\"https:\/\/parisx.me\/fr\/save-the-date-le-12-mars-a-lehess\/\" \/>\n<meta property=\"og:locale\" content=\"fr_FR\" \/>\n<meta property=\"og:type\" content=\"article\" \/>\n<meta property=\"og:title\" content=\"Save the date : le 12 mars \u00e0 l&#039;EHESS - Paris Chrysos\" \/>\n<meta property=\"og:description\" content=\"Le mois de mars je pr\u00e9senterai mes travaux \u00e0 l&rsquo;EHESS, au s\u00e9minaire \u00ab\u00a0Le Mod\u00e8le Californien\u00a0\u00bb organis\u00e9 par Monique Dagnaud et Olivier Alexandre. C&rsquo;est la troisi\u00e8me...\" \/>\n<meta property=\"og:url\" content=\"https:\/\/parisx.me\/fr\/save-the-date-le-12-mars-a-lehess\/\" \/>\n<meta property=\"og:site_name\" content=\"Paris Chrysos\" \/>\n<meta property=\"article:published_time\" content=\"2018-11-12T20:37:47+00:00\" \/>\n<meta property=\"article:modified_time\" content=\"2019-03-04T15:51:04+00:00\" \/>\n<meta property=\"og:image\" content=\"https:\/\/parisx.me\/wp-content\/uploads\/2018\/11\/ehess.jpeg\" \/>\n\t<meta property=\"og:image:width\" content=\"432\" \/>\n\t<meta property=\"og:image:height\" content=\"233\" \/>\n\t<meta property=\"og:image:type\" content=\"image\/jpeg\" \/>\n<meta name=\"author\" content=\"paris\" \/>\n<meta name=\"twitter:card\" content=\"summary_large_image\" \/>\n<meta name=\"twitter:label1\" content=\"\u00c9crit par\" \/>\n\t<meta name=\"twitter:data1\" content=\"paris\" \/>\n\t<meta name=\"twitter:label2\" content=\"Dur\u00e9e de lecture estim\u00e9e\" \/>\n\t<meta name=\"twitter:data2\" content=\"1 minute\" \/>\n<script type=\"application\/ld+json\" class=\"yoast-schema-graph\">{\"@context\":\"https:\\\/\\\/schema.org\",\"@graph\":[{\"@type\":\"Article\",\"@id\":\"https:\\\/\\\/parisx.me\\\/fr\\\/save-the-date-le-12-mars-a-lehess\\\/#article\",\"isPartOf\":{\"@id\":\"https:\\\/\\\/parisx.me\\\/fr\\\/save-the-date-le-12-mars-a-lehess\\\/\"},\"author\":{\"name\":\"paris\",\"@id\":\"https:\\\/\\\/parisx.me\\\/en\\\/#\\\/schema\\\/person\\\/93f72f21106f7343b516c6fb6e64ce0b\"},\"headline\":\"Save the date : le 12 mars \u00e0 l&rsquo;EHESS\",\"datePublished\":\"2018-11-12T20:37:47+00:00\",\"dateModified\":\"2019-03-04T15:51:04+00:00\",\"mainEntityOfPage\":{\"@id\":\"https:\\\/\\\/parisx.me\\\/fr\\\/save-the-date-le-12-mars-a-lehess\\\/\"},\"wordCount\":155,\"commentCount\":0,\"image\":{\"@id\":\"https:\\\/\\\/parisx.me\\\/fr\\\/save-the-date-le-12-mars-a-lehess\\\/#primaryimage\"},\"thumbnailUrl\":\"https:\\\/\\\/parisx.me\\\/wp-content\\\/uploads\\\/2018\\\/11\\\/ehess.jpeg\",\"articleSection\":[\"Blog\"],\"inLanguage\":\"fr-FR\"},{\"@type\":\"WebPage\",\"@id\":\"https:\\\/\\\/parisx.me\\\/fr\\\/save-the-date-le-12-mars-a-lehess\\\/\",\"url\":\"https:\\\/\\\/parisx.me\\\/fr\\\/save-the-date-le-12-mars-a-lehess\\\/\",\"name\":\"Save the date : le 12 mars \u00e0 l'EHESS - Paris Chrysos\",\"isPartOf\":{\"@id\":\"https:\\\/\\\/parisx.me\\\/en\\\/#website\"},\"primaryImageOfPage\":{\"@id\":\"https:\\\/\\\/parisx.me\\\/fr\\\/save-the-date-le-12-mars-a-lehess\\\/#primaryimage\"},\"image\":{\"@id\":\"https:\\\/\\\/parisx.me\\\/fr\\\/save-the-date-le-12-mars-a-lehess\\\/#primaryimage\"},\"thumbnailUrl\":\"https:\\\/\\\/parisx.me\\\/wp-content\\\/uploads\\\/2018\\\/11\\\/ehess.jpeg\",\"datePublished\":\"2018-11-12T20:37:47+00:00\",\"dateModified\":\"2019-03-04T15:51:04+00:00\",\"author\":{\"@id\":\"https:\\\/\\\/parisx.me\\\/en\\\/#\\\/schema\\\/person\\\/93f72f21106f7343b516c6fb6e64ce0b\"},\"breadcrumb\":{\"@id\":\"https:\\\/\\\/parisx.me\\\/fr\\\/save-the-date-le-12-mars-a-lehess\\\/#breadcrumb\"},\"inLanguage\":\"fr-FR\",\"potentialAction\":[{\"@type\":\"ReadAction\",\"target\":[\"https:\\\/\\\/parisx.me\\\/fr\\\/save-the-date-le-12-mars-a-lehess\\\/\"]}]},{\"@type\":\"ImageObject\",\"inLanguage\":\"fr-FR\",\"@id\":\"https:\\\/\\\/parisx.me\\\/fr\\\/save-the-date-le-12-mars-a-lehess\\\/#primaryimage\",\"url\":\"https:\\\/\\\/parisx.me\\\/wp-content\\\/uploads\\\/2018\\\/11\\\/ehess.jpeg\",\"contentUrl\":\"https:\\\/\\\/parisx.me\\\/wp-content\\\/uploads\\\/2018\\\/11\\\/ehess.jpeg\",\"width\":432,\"height\":233},{\"@type\":\"BreadcrumbList\",\"@id\":\"https:\\\/\\\/parisx.me\\\/fr\\\/save-the-date-le-12-mars-a-lehess\\\/#breadcrumb\",\"itemListElement\":[{\"@type\":\"ListItem\",\"position\":1,\"name\":\"Home\",\"item\":\"https:\\\/\\\/parisx.me\\\/fr\\\/\"},{\"@type\":\"ListItem\",\"position\":2,\"name\":\"Save the date : le 12 mars \u00e0 l&rsquo;EHESS\"}]},{\"@type\":\"WebSite\",\"@id\":\"https:\\\/\\\/parisx.me\\\/en\\\/#website\",\"url\":\"https:\\\/\\\/parisx.me\\\/en\\\/\",\"name\":\"Paris Chrysos\",\"description\":\"Personal Website\",\"potentialAction\":[{\"@type\":\"SearchAction\",\"target\":{\"@type\":\"EntryPoint\",\"urlTemplate\":\"https:\\\/\\\/parisx.me\\\/en\\\/?s={search_term_string}\"},\"query-input\":{\"@type\":\"PropertyValueSpecification\",\"valueRequired\":true,\"valueName\":\"search_term_string\"}}],\"inLanguage\":\"fr-FR\"},{\"@type\":\"Person\",\"@id\":\"https:\\\/\\\/parisx.me\\\/en\\\/#\\\/schema\\\/person\\\/93f72f21106f7343b516c6fb6e64ce0b\",\"name\":\"paris\",\"image\":{\"@type\":\"ImageObject\",\"inLanguage\":\"fr-FR\",\"@id\":\"https:\\\/\\\/secure.gravatar.com\\\/avatar\\\/bf7afc4b30726b5a31c6cca4e5ad50bdbca36944d6739c042e385eeb0345b374?s=96&d=retro&r=g\",\"url\":\"https:\\\/\\\/secure.gravatar.com\\\/avatar\\\/bf7afc4b30726b5a31c6cca4e5ad50bdbca36944d6739c042e385eeb0345b374?s=96&d=retro&r=g\",\"contentUrl\":\"https:\\\/\\\/secure.gravatar.com\\\/avatar\\\/bf7afc4b30726b5a31c6cca4e5ad50bdbca36944d6739c042e385eeb0345b374?s=96&d=retro&r=g\",\"caption\":\"paris\"},\"url\":\"https:\\\/\\\/parisx.me\\\/fr\\\/author\\\/paris\\\/\"}]}<\/script>\n<!-- \/ Yoast SEO plugin. -->","yoast_head_json":{"title":"Save the date : le 12 mars \u00e0 l'EHESS - Paris Chrysos","robots":{"index":"index","follow":"follow","max-snippet":"max-snippet:-1","max-image-preview":"max-image-preview:large","max-video-preview":"max-video-preview:-1"},"canonical":"https:\/\/parisx.me\/fr\/save-the-date-le-12-mars-a-lehess\/","og_locale":"fr_FR","og_type":"article","og_title":"Save the date : le 12 mars \u00e0 l'EHESS - Paris Chrysos","og_description":"Le mois de mars je pr\u00e9senterai mes travaux \u00e0 l&rsquo;EHESS, au s\u00e9minaire \u00ab\u00a0Le Mod\u00e8le Californien\u00a0\u00bb organis\u00e9 par Monique Dagnaud et Olivier Alexandre. C&rsquo;est la troisi\u00e8me...","og_url":"https:\/\/parisx.me\/fr\/save-the-date-le-12-mars-a-lehess\/","og_site_name":"Paris Chrysos","article_published_time":"2018-11-12T20:37:47+00:00","article_modified_time":"2019-03-04T15:51:04+00:00","og_image":[{"width":432,"height":233,"url":"https:\/\/parisx.me\/wp-content\/uploads\/2018\/11\/ehess.jpeg","type":"image\/jpeg"}],"author":"paris","twitter_card":"summary_large_image","twitter_misc":{"\u00c9crit par":"paris","Dur\u00e9e de lecture estim\u00e9e":"1 minute"},"schema":{"@context":"https:\/\/schema.org","@graph":[{"@type":"Article","@id":"https:\/\/parisx.me\/fr\/save-the-date-le-12-mars-a-lehess\/#article","isPartOf":{"@id":"https:\/\/parisx.me\/fr\/save-the-date-le-12-mars-a-lehess\/"},"author":{"name":"paris","@id":"https:\/\/parisx.me\/en\/#\/schema\/person\/93f72f21106f7343b516c6fb6e64ce0b"},"headline":"Save the date : le 12 mars \u00e0 l&rsquo;EHESS","datePublished":"2018-11-12T20:37:47+00:00","dateModified":"2019-03-04T15:51:04+00:00","mainEntityOfPage":{"@id":"https:\/\/parisx.me\/fr\/save-the-date-le-12-mars-a-lehess\/"},"wordCount":155,"commentCount":0,"image":{"@id":"https:\/\/parisx.me\/fr\/save-the-date-le-12-mars-a-lehess\/#primaryimage"},"thumbnailUrl":"https:\/\/parisx.me\/wp-content\/uploads\/2018\/11\/ehess.jpeg","articleSection":["Blog"],"inLanguage":"fr-FR"},{"@type":"WebPage","@id":"https:\/\/parisx.me\/fr\/save-the-date-le-12-mars-a-lehess\/","url":"https:\/\/parisx.me\/fr\/save-the-date-le-12-mars-a-lehess\/","name":"Save the date : le 12 mars \u00e0 l'EHESS - Paris Chrysos","isPartOf":{"@id":"https:\/\/parisx.me\/en\/#website"},"primaryImageOfPage":{"@id":"https:\/\/parisx.me\/fr\/save-the-date-le-12-mars-a-lehess\/#primaryimage"},"image":{"@id":"https:\/\/parisx.me\/fr\/save-the-date-le-12-mars-a-lehess\/#primaryimage"},"thumbnailUrl":"https:\/\/parisx.me\/wp-content\/uploads\/2018\/11\/ehess.jpeg","datePublished":"2018-11-12T20:37:47+00:00","dateModified":"2019-03-04T15:51:04+00:00","author":{"@id":"https:\/\/parisx.me\/en\/#\/schema\/person\/93f72f21106f7343b516c6fb6e64ce0b"},"breadcrumb":{"@id":"https:\/\/parisx.me\/fr\/save-the-date-le-12-mars-a-lehess\/#breadcrumb"},"inLanguage":"fr-FR","potentialAction":[{"@type":"ReadAction","target":["https:\/\/parisx.me\/fr\/save-the-date-le-12-mars-a-lehess\/"]}]},{"@type":"ImageObject","inLanguage":"fr-FR","@id":"https:\/\/parisx.me\/fr\/save-the-date-le-12-mars-a-lehess\/#primaryimage","url":"https:\/\/parisx.me\/wp-content\/uploads\/2018\/11\/ehess.jpeg","contentUrl":"https:\/\/parisx.me\/wp-content\/uploads\/2018\/11\/ehess.jpeg","width":432,"height":233},{"@type":"BreadcrumbList","@id":"https:\/\/parisx.me\/fr\/save-the-date-le-12-mars-a-lehess\/#breadcrumb","itemListElement":[{"@type":"ListItem","position":1,"name":"Home","item":"https:\/\/parisx.me\/fr\/"},{"@type":"ListItem","position":2,"name":"Save the date : le 12 mars \u00e0 l&rsquo;EHESS"}]},{"@type":"WebSite","@id":"https:\/\/parisx.me\/en\/#website","url":"https:\/\/parisx.me\/en\/","name":"Paris Chrysos","description":"Personal Website","potentialAction":[{"@type":"SearchAction","target":{"@type":"EntryPoint","urlTemplate":"https:\/\/parisx.me\/en\/?s={search_term_string}"},"query-input":{"@type":"PropertyValueSpecification","valueRequired":true,"valueName":"search_term_string"}}],"inLanguage":"fr-FR"},{"@type":"Person","@id":"https:\/\/parisx.me\/en\/#\/schema\/person\/93f72f21106f7343b516c6fb6e64ce0b","name":"paris","image":{"@type":"ImageObject","inLanguage":"fr-FR","@id":"https:\/\/secure.gravatar.com\/avatar\/bf7afc4b30726b5a31c6cca4e5ad50bdbca36944d6739c042e385eeb0345b374?s=96&d=retro&r=g","url":"https:\/\/secure.gravatar.com\/avatar\/bf7afc4b30726b5a31c6cca4e5ad50bdbca36944d6739c042e385eeb0345b374?s=96&d=retro&r=g","contentUrl":"https:\/\/secure.gravatar.com\/avatar\/bf7afc4b30726b5a31c6cca4e5ad50bdbca36944d6739c042e385eeb0345b374?s=96&d=retro&r=g","caption":"paris"},"url":"https:\/\/parisx.me\/fr\/author\/paris\/"}]}},"_links":{"self":[{"href":"https:\/\/parisx.me\/fr\/wp-json\/wp\/v2\/posts\/1003","targetHints":{"allow":["GET"]}}],"collection":[{"href":"https:\/\/parisx.me\/fr\/wp-json\/wp\/v2\/posts"}],"about":[{"href":"https:\/\/parisx.me\/fr\/wp-json\/wp\/v2\/types\/post"}],"author":[{"embeddable":true,"href":"https:\/\/parisx.me\/fr\/wp-json\/wp\/v2\/users\/2"}],"replies":[{"embeddable":true,"href":"https:\/\/parisx.me\/fr\/wp-json\/wp\/v2\/comments?post=1003"}],"version-history":[{"count":1,"href":"https:\/\/parisx.me\/fr\/wp-json\/wp\/v2\/posts\/1003\/revisions"}],"predecessor-version":[{"id":7280,"href":"https:\/\/parisx.me\/fr\/wp-json\/wp\/v2\/posts\/1003\/revisions\/7280"}],"wp:featuredmedia":[{"embeddable":true,"href":"https:\/\/parisx.me\/fr\/wp-json\/wp\/v2\/media\/805"}],"wp:attachment":[{"href":"https:\/\/parisx.me\/fr\/wp-json\/wp\/v2\/media?parent=1003"}],"wp:term":[{"taxonomy":"category","embeddable":true,"href":"https:\/\/parisx.me\/fr\/wp-json\/wp\/v2\/categories?post=1003"},{"taxonomy":"post_tag","embeddable":true,"href":"https:\/\/parisx.me\/fr\/wp-json\/wp\/v2\/tags?post=1003"}],"curies":[{"name":"wp","href":"https:\/\/api.w.org\/{rel}","templated":true}]}}